











{"id":10675,"date":"2021-09-13T10:32:45","date_gmt":"2021-09-13T10:32:45","guid":{"rendered":"https:\/\/www.ginefiv.com\/sin-categorizar\/la-temperature-basale-quest-ce-que-cest-et-comment-la-calculer\/"},"modified":"2025-01-25T14:33:26","modified_gmt":"2025-01-25T14:33:26","slug":"la-temperature-basale-quest-ce-que-cest-et-comment-la-calculer","status":"publish","type":"post","link":"https:\/\/www.ginefiv.com\/fr\/blog\/la-temperature-basale-quest-ce-que-cest-et-comment-la-calculer\/","title":{"rendered":"La temp\u00e9rature basale: qu\u2019est-ce que c\u2019est et comment la calculer?"},"content":{"rendered":"<p><strong>La temp\u00e9rature basale est la temp\u00e9rature la plus basse que va atteindre le corps au repos<\/strong><span style=\"font-weight: 400\">, normalement pendant le sommeil. Il s\u2019agit donc de la temp\u00e9rature du corps au r\u00e9veil, avant m\u00eame que nous soyons sortis du lit. <\/span><strong>La lecture quotidienne de la temp\u00e9rature basale permet de calculer les jours de fertilit\u00e9<\/strong><span style=\"font-weight: 400\"> du cycle menstruel d\u2019une femme. Comment cela est-il possible\u00a0? La temp\u00e9rature corporelle basale varie tout au long du cycle menstruel. <\/span><strong>Juste apr\u00e8s l\u2019ovulation<\/strong><span style=\"font-weight: 400\">, l\u2019ovaire s\u00e9cr\u00e8te de la progest\u00e9rone, c\u2019est pourquoi, nous savons que <\/span><strong>cette temp\u00e9rature augmente de 0,3 \u00e0 0,5 degr\u00e9s <\/strong><span style=\"font-weight: 400\">et restera \u00e9lev\u00e9e jusqu\u2019\u00e0 la prochaine p\u00e9riode menstruelle.\u00a0<\/span><\/p> <p><!--more--><\/p> <p><span style=\"font-weight: 400\">Par cons\u00e9quent, tenir un registre de votre temp\u00e9rature basale tout au long du cycle peut vous aider \u00e0 calculer vos jours de fertilit\u00e9 de fa\u00e7on simple, peu on\u00e9reuse, <\/span><strong>augmentant ainsi vos chances de tomber enceinte.<\/strong><\/p> <h2 class=\"font-bold font-sans text-black text-2xl lg:text-3xl leading-tight\">Prendre sa temp\u00e9rature basale<\/h2> <p class=\"font-bold font-sans text-black text-2xl lg:text-3xl leading-tight\">La mesure de la temp\u00e9rature basale est en soi un processus simple mais demande beaucoup de pers\u00e9v\u00e9rance et requiert le respect de certaines r\u00e8gles.<br \/>Chaque jour, \u00e0 partir du quatri\u00e8me ou du cinqui\u00e8me jour du cycle et jusqu\u2019au premier jour du cycle suivant, toujours avant de vous lever du lit, prenez votre temp\u00e9rature par voie orale, rectale ou vaginale.<\/p> <ul> <li><strong>Par voie orale<\/strong>: mettez la pointe du thermom\u00e8tre sous la langue et gardez la bouche ferm\u00e9e.<\/li> <li><strong>Par voie vaginale<\/strong> : introduisez le thermom\u00e8tre \u00e0 l\u2019int\u00e9rieur du vagin.<\/li> <li><strong>Par voie rectale<\/strong> : utilisez de la vaseline ou du lubrifiant et ins\u00e9rez la pointe du thermom\u00e8tre dans le rectum tout en maintenant une position f\u0153tale.<\/li> <\/ul> <p><span style=\"font-weight: 400\">Pour ce faire, utilisez un <\/span><strong>thermom\u00e8tre<\/strong><span style=\"font-weight: 400\"> \u00e0 mercure ou num\u00e9rique.\u00a0<\/span><span style=\"font-weight: 400\">Il est important de toujours prendre<\/span><strong> votre temp\u00e9rature basale \u00e0 la m\u00eame heure<\/strong><span style=\"font-weight: 400\"> et apr\u00e8s un minimum de trois heures de sommeil.<\/span><\/p> <p><span style=\"font-weight: 400\">Il convient \u00e9galement de noter <\/span><strong>les variations de l\u2019heure<\/strong><span style=\"font-weight: 400\"> de la prise car, si elle est prise une heure plus tard, la temp\u00e9rature basale peut augmenter d\u2019un dixi\u00e8me ou diminuer d\u2019un dixi\u00e8me si elle est prise une heure avant l\u2019heure habituelle. Vous devrez \u00e9galement tenir en compte les facteurs pouvant affecter la temp\u00e9rature (un diner copieux, un rhume, la consommation d\u2019alcool, l\u2019heure du coucher, la prise de m\u00e9dicament, un changement de thermom\u00e8tre, etc\u2026).<\/span><\/p> <p><span style=\"font-weight: 400\">Si vous utilisez un <\/span><strong>thermom\u00e8tre \u00e0<\/strong> <strong>mercure<\/strong><span style=\"font-weight: 400\">, la temp\u00e9rature de ce dernier doit descendre tous les soirs en dessous de 35\u00baC. Si vous prenez votre temp\u00e9rature par voie orale, vous devrez le laisser dans la bouche 5 minutes contre 3 minutes dans le cas d\u2019une prise par voie rectale ou vaginale.<\/span><\/p> <p><span style=\"font-weight: 400\">Si vous utilisez un thermom\u00e8tre <\/span><strong>num\u00e9rique<\/strong><span style=\"font-weight: 400\">, apr\u00e8s environ 60 secondes, le thermom\u00e8tre \u00e9mettra un bip afin de vous indiquer que la temp\u00e9rature est prise.<\/span><\/p> <p><span style=\"font-weight: 400\">Si vous travaillez de nuit, vous devrez prendre votre temp\u00e9rature apr\u00e8s la p\u00e9riode de repos la plus longue.<\/span><\/p> <h2 class=\"font-bold font-sans text-black text-2xl lg:text-3xl leading-tight\" style=\"font-size: 18px\">Enregistrer la temp\u00e9rature basale<\/h2> <p class=\"font-bold font-sans text-black text-2xl lg:text-3xl leading-tight\"><span style=\"font-weight: 400\">Afin d\u2019enregistrer vos temp\u00e9ratures, dessinez <\/span><strong>un graphique dont l\u2019axe vertical correspond \u00e0 la temp\u00e9rature et l\u2019axe horizontal correspond aux jours du cycle<\/strong><span style=\"font-weight: 400\">. Chaque jour, lorsque vous prenez votre temp\u00e9rature, notez-la sur le graphique afin de pouvoir former une courbe par la suite.<\/span><\/p> <p><span style=\"font-weight: 400\">Cela vous permettra de v\u00e9rifier <\/span><strong>l\u2019\u00e9cart (entre 0,2 \u00baC et 0,5 \u00baC)<\/strong><span style=\"font-weight: 400\"> qui se produit \u00e0 un moment d\u00e9termin\u00e9 du cycle, juste au moment o\u00f9 l\u2019ovaire commence \u00e0 produire de la progest\u00e9rone, soit un jour apr\u00e8s l\u2019ovulation. Vous ne pourrez pas identifier le moment exact de l\u2019ovulation de fa\u00e7on claire, mais, en sachant que <\/span><strong>la p\u00e9riode de fertilit\u00e9 commence 4 jours avant la date de l\u2019ovulation et se termine environ 24 heures apr\u00e8s<\/strong><span style=\"font-weight: 400\">, il vous sera facile d\u2019\u00e9tablir un lien plus au moins r\u00e9gulier des jours les plus fertiles de votre cycle.\u00a0<\/span><\/p> <p><span style=\"font-weight: 400\">Il est important que vous preniez en compte le fait que vous ne pourrez pas enregistrer le moment de l\u2019ovulation avant qu\u2019il ne se produise. C\u2019est pour cela qu\u2019il est recommand\u00e9 <\/span><strong>de r\u00e9aliser un contr\u00f4le de la courbe de la temp\u00e9rature basale pendant au moins deux cycles menstruels cons\u00e9cutifs<\/strong><span style=\"font-weight: 400\"> avant de pouvoir r\u00e9aliser une interpr\u00e9tation fiable des r\u00e9sultats.<\/span><\/p> <p><span style=\"font-weight: 400\">Comportement de la temp\u00e9rature basale au cours du cycle<\/span><\/p> <p><strong>Durant les premiers jours du cycle, la temp\u00e9rature oscille g\u00e9n\u00e9ralement entre 36\u00a0\u00b0C et 36,6\u00a0\u00b0C.<\/strong><\/p> <p><span style=\"font-weight: 400\">25 heures apr\u00e8s l\u2019ovulation, la temp\u00e9rature augmente fortement de 0,3\u00a0\u00b0C \u00e0 0,5\u00a0\u00b0C.<\/span><\/p> <p><span style=\"font-weight: 400\">Un ovule vit environ entre 12 et 15 heures. Par cons\u00e9quent, avoir des relations sexuelles apr\u00e8s la hausse de la temp\u00e9rature ne permet pas la f\u00e9condation.<\/span><\/p> <p><span style=\"font-weight: 400\">La temp\u00e9rature baisse \u00e0 nouveau imm\u00e9diatement apr\u00e8s l\u2019apparition des r\u00e8gles, \u00e0 la fin du cycle.<\/span><\/p> <h2 class=\"font-bold font-sans text-black text-2xl lg:text-3xl leading-tight\">Comment connaitre les jours de fertilit\u00e9?<\/h2> <p>\u00a0<br \/><span style=\"font-weight: 400\">Si pendant plusieurs mois vous observez un sch\u00e9ma r\u00e9gulier (hausse de la temp\u00e9rature \u00e0 partir du m\u00eame jour), <\/span><strong>vos jours de fertilit\u00e9 correspondront aux jours pr\u00e9c\u00e9dant la hausse de la temp\u00e9rature.<\/strong><\/p> <p><span style=\"font-weight: 400\">Avoir des relations sexuelles les jours pr\u00e9c\u00e9dant ce changement de temp\u00e9rature augmentera vos chances de <\/span><strong>tomber enceinte.<\/strong><\/p> <p><span style=\"font-weight: 400\">En effet, bien que le changement de temp\u00e9rature ne se produise que 24 heures plus tard, vous aurez d\u00e9j\u00e0 ovul\u00e9 et l\u2019ovule sera pr\u00eat \u00e0 \u00eatre f\u00e9cond\u00e9.<\/span><\/p> <p><span style=\"font-weight: 400\">Souvenez-vous que la mesure et l\u2019enregistrement de la temp\u00e9rature basale est une des diverses <\/span><strong>m\u00e9thodes que vous pouvez utiliser afin de conna\u00eetre vos jours de fertilit\u00e9<\/strong><span style=\"font-weight: 400\">. La mesure de la temp\u00e9rature basale est une m\u00e9thode relativement efficace mais il existe des facteurs qui peuvent alt\u00e9rer sa mesure. De ce fait, il est plus s\u00fbr de combiner plusieurs m\u00e9thodes de contr\u00f4le de l\u2019ovulation, comme par exemple observer le cycle menstruel sur un calendrier voire m\u00eame observer les pertes vaginales.<\/span><\/p> <p><span style=\"font-weight: 400\">Conseils pour la mesure de la temp\u00e9rature basale:<\/span><\/p> <ul> <li>Notez la temp\u00e9rature basale tous les jours du cycle \u00e0 partir du quatri\u00e8me ou cinqui\u00e8me jour de la menstruation.<\/li> <li>En allant vous coucher, laissez le thermom\u00e8tre \u00e0 port\u00e9e de main afin de ne pas avoir \u00e0 vous lever du lit pour l\u2019attraper. Si vous devez vous lever ou le chercher, la mesure ne sera pas bonne.<\/li> <li>Prenez votre temp\u00e9rature basale pendant plusieurs mois afin de pouvoir d\u00e9tecter de possibles irr\u00e9gularit\u00e9s dans le cycle et \u00e9tablir votre calendrier.<\/li> <li>Si vous avez de la fi\u00e8vre ou \u00eates malade, les donn\u00e9es de ces jours-l\u00e0 ne serviront pas mais il convient de noter que vous avez \u00e9t\u00e9 malade.<\/li> <li>Essayez d\u2019utiliser toujours le m\u00eame thermom\u00e8tre et ne pas en changer au cours du cycle.<\/li> <li>Prenez toujours votre temp\u00e9rature de la m\u00eame fa\u00e7on.<\/li> <\/ul>","protected":false},"excerpt":{"rendered":"<p>La temp\u00e9rature basale est la temp\u00e9rature la plus basse que va atteindre le corps au repos, normalement pendant le sommeil&#8230;.<\/p>\n","protected":false},"author":11,"featured_media":10676,"comment_status":"open","ping_status":"open","sticky":false,"template":"","format":"standard","meta":{"_acf_changed":false,"footnotes":""},"categories":[3],"tags":[],"class_list":["post-10675","post","type-post","status-publish","format-standard","has-post-thumbnail","hentry","category-non-classifiee"],"acf":[],"yoast_head":"<!-- This site is optimized with the Yoast SEO plugin v27.0 - https:\/\/yoast.com\/product\/yoast-seo-wordpress\/ -->\n<title>La temp\u00e9rature basale: qu\u2019est-ce que c\u2019est et comment la calculer? | Ginefiv Espa\u00f1a<\/title>\n<meta name=\"robots\" content=\"index, follow, max-snippet:-1, max-image-preview:large, max-video-preview:-1\" \/>\n<link rel=\"canonical\" href=\"https:\/\/www.ginefiv.com\/fr\/blog\/la-temperature-basale-quest-ce-que-cest-et-comment-la-calculer\/\" \/>\n<meta property=\"og:locale\" content=\"fr_FR\" \/>\n<meta property=\"og:type\" content=\"article\" \/>\n<meta property=\"og:title\" content=\"La temp\u00e9rature basale: qu\u2019est-ce que c\u2019est et comment la calculer? | Ginefiv Espa\u00f1a\" \/>\n<meta property=\"og:description\" content=\"La temp\u00e9rature basale est la temp\u00e9rature la plus basse que va atteindre le corps au repos, normalement pendant le sommeil....\" \/>\n<meta property=\"og:url\" content=\"https:\/\/www.ginefiv.com\/fr\/blog\/la-temperature-basale-quest-ce-que-cest-et-comment-la-calculer\/\" \/>\n<meta property=\"og:site_name\" content=\"Ginefiv Espa\u00f1a\" \/>\n<meta property=\"article:published_time\" content=\"2021-09-13T10:32:45+00:00\" \/>\n<meta property=\"article:modified_time\" content=\"2025-01-25T14:33:26+00:00\" \/>\n<meta property=\"og:image\" content=\"https:\/\/www.ginefiv.com\/wp-content\/uploads\/2021\/09\/shutterstock_66226753.jpeg\" \/>\n\t<meta property=\"og:image:width\" content=\"1\" \/>\n\t<meta property=\"og:image:height\" content=\"1\" \/>\n\t<meta property=\"og:image:type\" content=\"image\/jpeg\" \/>\n<meta name=\"author\" content=\"Ginefiv\" \/>\n<meta name=\"twitter:card\" content=\"summary_large_image\" \/>\n<meta name=\"twitter:label1\" content=\"\u00c9crit par\" \/>\n\t<meta name=\"twitter:data1\" content=\"Ginefiv\" \/>\n\t<meta name=\"twitter:label2\" content=\"Dur\u00e9e de lecture estim\u00e9e\" \/>\n\t<meta name=\"twitter:data2\" content=\"5 minutes\" \/>\n<script type=\"application\/ld+json\" class=\"yoast-schema-graph\">{\"@context\":\"https:\/\/schema.org\",\"@graph\":[{\"@type\":\"Article\",\"@id\":\"https:\/\/www.ginefiv.com\/fr\/blog\/la-temperature-basale-quest-ce-que-cest-et-comment-la-calculer\/#article\",\"isPartOf\":{\"@id\":\"https:\/\/www.ginefiv.com\/fr\/blog\/la-temperature-basale-quest-ce-que-cest-et-comment-la-calculer\/\"},\"author\":{\"name\":\"Ginefiv\",\"@id\":\"https:\/\/www.ginefiv.com\/fr\/#\/schema\/person\/3e3daf25e2225679db2ff7fb540cb53c\"},\"headline\":\"La temp\u00e9rature basale: qu\u2019est-ce que c\u2019est et comment la calculer?\",\"datePublished\":\"2021-09-13T10:32:45+00:00\",\"dateModified\":\"2025-01-25T14:33:26+00:00\",\"mainEntityOfPage\":{\"@id\":\"https:\/\/www.ginefiv.com\/fr\/blog\/la-temperature-basale-quest-ce-que-cest-et-comment-la-calculer\/\"},\"wordCount\":1160,\"commentCount\":0,\"publisher\":{\"@id\":\"https:\/\/www.ginefiv.com\/fr\/#organization\"},\"image\":{\"@id\":\"https:\/\/www.ginefiv.com\/fr\/blog\/la-temperature-basale-quest-ce-que-cest-et-comment-la-calculer\/#primaryimage\"},\"thumbnailUrl\":\"https:\/\/www.ginefiv.com\/wp-content\/uploads\/2021\/09\/shutterstock_66226753.jpeg\",\"articleSection\":[\"Non classifi\u00e9(e)\"],\"inLanguage\":\"fr-FR\",\"potentialAction\":[{\"@type\":\"CommentAction\",\"name\":\"Comment\",\"target\":[\"https:\/\/www.ginefiv.com\/fr\/blog\/la-temperature-basale-quest-ce-que-cest-et-comment-la-calculer\/#respond\"]}]},{\"@type\":\"WebPage\",\"@id\":\"https:\/\/www.ginefiv.com\/fr\/blog\/la-temperature-basale-quest-ce-que-cest-et-comment-la-calculer\/\",\"url\":\"https:\/\/www.ginefiv.com\/fr\/blog\/la-temperature-basale-quest-ce-que-cest-et-comment-la-calculer\/\",\"name\":\"La temp\u00e9rature basale: qu\u2019est-ce que c\u2019est et comment la calculer? | Ginefiv Espa\u00f1a\",\"isPartOf\":{\"@id\":\"https:\/\/www.ginefiv.com\/fr\/#website\"},\"primaryImageOfPage\":{\"@id\":\"https:\/\/www.ginefiv.com\/fr\/blog\/la-temperature-basale-quest-ce-que-cest-et-comment-la-calculer\/#primaryimage\"},\"image\":{\"@id\":\"https:\/\/www.ginefiv.com\/fr\/blog\/la-temperature-basale-quest-ce-que-cest-et-comment-la-calculer\/#primaryimage\"},\"thumbnailUrl\":\"https:\/\/www.ginefiv.com\/wp-content\/uploads\/2021\/09\/shutterstock_66226753.jpeg\",\"datePublished\":\"2021-09-13T10:32:45+00:00\",\"dateModified\":\"2025-01-25T14:33:26+00:00\",\"breadcrumb\":{\"@id\":\"https:\/\/www.ginefiv.com\/fr\/blog\/la-temperature-basale-quest-ce-que-cest-et-comment-la-calculer\/#breadcrumb\"},\"inLanguage\":\"fr-FR\",\"potentialAction\":[{\"@type\":\"ReadAction\",\"target\":[\"https:\/\/www.ginefiv.com\/fr\/blog\/la-temperature-basale-quest-ce-que-cest-et-comment-la-calculer\/\"]}]},{\"@type\":\"ImageObject\",\"inLanguage\":\"fr-FR\",\"@id\":\"https:\/\/www.ginefiv.com\/fr\/blog\/la-temperature-basale-quest-ce-que-cest-et-comment-la-calculer\/#primaryimage\",\"url\":\"https:\/\/www.ginefiv.com\/wp-content\/uploads\/2021\/09\/shutterstock_66226753.jpeg\",\"contentUrl\":\"https:\/\/www.ginefiv.com\/wp-content\/uploads\/2021\/09\/shutterstock_66226753.jpeg\"},{\"@type\":\"BreadcrumbList\",\"@id\":\"https:\/\/www.ginefiv.com\/fr\/blog\/la-temperature-basale-quest-ce-que-cest-et-comment-la-calculer\/#breadcrumb\",\"itemListElement\":[{\"@type\":\"ListItem\",\"position\":1,\"name\":\"Home\",\"item\":\"https:\/\/www.ginefiv.com\/fr\/\"},{\"@type\":\"ListItem\",\"position\":2,\"name\":\"La temp\u00e9rature basale: qu\u2019est-ce que c\u2019est et comment la calculer?\"}]},{\"@type\":\"WebSite\",\"@id\":\"https:\/\/www.ginefiv.com\/fr\/#website\",\"url\":\"https:\/\/www.ginefiv.com\/fr\/\",\"name\":\"Ginefiv Espa\u00f1a\",\"description\":\"Ginefiv, tu cl\u00ednica de reproducci\u00f3n asistida. 35 a\u00f1os de experiencia en inseminaci\u00f3n artificial y fecundaci\u00f3n in vitro\",\"publisher\":{\"@id\":\"https:\/\/www.ginefiv.com\/fr\/#organization\"},\"potentialAction\":[{\"@type\":\"SearchAction\",\"target\":{\"@type\":\"EntryPoint\",\"urlTemplate\":\"https:\/\/www.ginefiv.com\/fr\/?s={search_term_string}\"},\"query-input\":{\"@type\":\"PropertyValueSpecification\",\"valueRequired\":true,\"valueName\":\"search_term_string\"}}],\"inLanguage\":\"fr-FR\"},{\"@type\":\"Organization\",\"@id\":\"https:\/\/www.ginefiv.com\/fr\/#organization\",\"name\":\"Ginefiv\",\"url\":\"https:\/\/www.ginefiv.com\/fr\/\",\"logo\":{\"@type\":\"ImageObject\",\"inLanguage\":\"fr-FR\",\"@id\":\"https:\/\/www.ginefiv.com\/fr\/#\/schema\/logo\/image\/\",\"url\":\"https:\/\/www.ginefiv.com\/wp-content\/uploads\/2023\/12\/descarga.png\",\"contentUrl\":\"https:\/\/www.ginefiv.com\/wp-content\/uploads\/2023\/12\/descarga.png\",\"width\":437,\"height\":115,\"caption\":\"Ginefiv\"},\"image\":{\"@id\":\"https:\/\/www.ginefiv.com\/fr\/#\/schema\/logo\/image\/\"}},{\"@type\":\"Person\",\"@id\":\"https:\/\/www.ginefiv.com\/fr\/#\/schema\/person\/3e3daf25e2225679db2ff7fb540cb53c\",\"name\":\"Ginefiv\",\"image\":{\"@type\":\"ImageObject\",\"inLanguage\":\"fr-FR\",\"@id\":\"https:\/\/www.ginefiv.com\/fr\/#\/schema\/person\/image\/\",\"url\":\"https:\/\/secure.gravatar.com\/avatar\/?s=96&d=mm&r=g\",\"contentUrl\":\"https:\/\/secure.gravatar.com\/avatar\/?s=96&d=mm&r=g\",\"caption\":\"Ginefiv\"},\"url\":\"https:\/\/www.ginefiv.com\/fr\/especialistas\/ginefiv\/\"}]}<\/script>\n<!-- \/ Yoast SEO plugin. -->","yoast_head_json":{"title":"La temp\u00e9rature basale: qu\u2019est-ce que c\u2019est et comment la calculer? | Ginefiv Espa\u00f1a","robots":{"index":"index","follow":"follow","max-snippet":"max-snippet:-1","max-image-preview":"max-image-preview:large","max-video-preview":"max-video-preview:-1"},"canonical":"https:\/\/www.ginefiv.com\/fr\/blog\/la-temperature-basale-quest-ce-que-cest-et-comment-la-calculer\/","og_locale":"fr_FR","og_type":"article","og_title":"La temp\u00e9rature basale: qu\u2019est-ce que c\u2019est et comment la calculer? | Ginefiv Espa\u00f1a","og_description":"La temp\u00e9rature basale est la temp\u00e9rature la plus basse que va atteindre le corps au repos, normalement pendant le sommeil....","og_url":"https:\/\/www.ginefiv.com\/fr\/blog\/la-temperature-basale-quest-ce-que-cest-et-comment-la-calculer\/","og_site_name":"Ginefiv Espa\u00f1a","article_published_time":"2021-09-13T10:32:45+00:00","article_modified_time":"2025-01-25T14:33:26+00:00","og_image":[{"url":"https:\/\/www.ginefiv.com\/wp-content\/uploads\/2021\/09\/shutterstock_66226753.jpeg","width":1,"height":1,"type":"image\/jpeg"}],"author":"Ginefiv","twitter_card":"summary_large_image","twitter_misc":{"\u00c9crit par":"Ginefiv","Dur\u00e9e de lecture estim\u00e9e":"5 minutes"},"schema":{"@context":"https:\/\/schema.org","@graph":[{"@type":"Article","@id":"https:\/\/www.ginefiv.com\/fr\/blog\/la-temperature-basale-quest-ce-que-cest-et-comment-la-calculer\/#article","isPartOf":{"@id":"https:\/\/www.ginefiv.com\/fr\/blog\/la-temperature-basale-quest-ce-que-cest-et-comment-la-calculer\/"},"author":{"name":"Ginefiv","@id":"https:\/\/www.ginefiv.com\/fr\/#\/schema\/person\/3e3daf25e2225679db2ff7fb540cb53c"},"headline":"La temp\u00e9rature basale: qu\u2019est-ce que c\u2019est et comment la calculer?","datePublished":"2021-09-13T10:32:45+00:00","dateModified":"2025-01-25T14:33:26+00:00","mainEntityOfPage":{"@id":"https:\/\/www.ginefiv.com\/fr\/blog\/la-temperature-basale-quest-ce-que-cest-et-comment-la-calculer\/"},"wordCount":1160,"commentCount":0,"publisher":{"@id":"https:\/\/www.ginefiv.com\/fr\/#organization"},"image":{"@id":"https:\/\/www.ginefiv.com\/fr\/blog\/la-temperature-basale-quest-ce-que-cest-et-comment-la-calculer\/#primaryimage"},"thumbnailUrl":"https:\/\/www.ginefiv.com\/wp-content\/uploads\/2021\/09\/shutterstock_66226753.jpeg","articleSection":["Non classifi\u00e9(e)"],"inLanguage":"fr-FR","potentialAction":[{"@type":"CommentAction","name":"Comment","target":["https:\/\/www.ginefiv.com\/fr\/blog\/la-temperature-basale-quest-ce-que-cest-et-comment-la-calculer\/#respond"]}]},{"@type":"WebPage","@id":"https:\/\/www.ginefiv.com\/fr\/blog\/la-temperature-basale-quest-ce-que-cest-et-comment-la-calculer\/","url":"https:\/\/www.ginefiv.com\/fr\/blog\/la-temperature-basale-quest-ce-que-cest-et-comment-la-calculer\/","name":"La temp\u00e9rature basale: qu\u2019est-ce que c\u2019est et comment la calculer? | Ginefiv Espa\u00f1a","isPartOf":{"@id":"https:\/\/www.ginefiv.com\/fr\/#website"},"primaryImageOfPage":{"@id":"https:\/\/www.ginefiv.com\/fr\/blog\/la-temperature-basale-quest-ce-que-cest-et-comment-la-calculer\/#primaryimage"},"image":{"@id":"https:\/\/www.ginefiv.com\/fr\/blog\/la-temperature-basale-quest-ce-que-cest-et-comment-la-calculer\/#primaryimage"},"thumbnailUrl":"https:\/\/www.ginefiv.com\/wp-content\/uploads\/2021\/09\/shutterstock_66226753.jpeg","datePublished":"2021-09-13T10:32:45+00:00","dateModified":"2025-01-25T14:33:26+00:00","breadcrumb":{"@id":"https:\/\/www.ginefiv.com\/fr\/blog\/la-temperature-basale-quest-ce-que-cest-et-comment-la-calculer\/#breadcrumb"},"inLanguage":"fr-FR","potentialAction":[{"@type":"ReadAction","target":["https:\/\/www.ginefiv.com\/fr\/blog\/la-temperature-basale-quest-ce-que-cest-et-comment-la-calculer\/"]}]},{"@type":"ImageObject","inLanguage":"fr-FR","@id":"https:\/\/www.ginefiv.com\/fr\/blog\/la-temperature-basale-quest-ce-que-cest-et-comment-la-calculer\/#primaryimage","url":"https:\/\/www.ginefiv.com\/wp-content\/uploads\/2021\/09\/shutterstock_66226753.jpeg","contentUrl":"https:\/\/www.ginefiv.com\/wp-content\/uploads\/2021\/09\/shutterstock_66226753.jpeg"},{"@type":"BreadcrumbList","@id":"https:\/\/www.ginefiv.com\/fr\/blog\/la-temperature-basale-quest-ce-que-cest-et-comment-la-calculer\/#breadcrumb","itemListElement":[{"@type":"ListItem","position":1,"name":"Home","item":"https:\/\/www.ginefiv.com\/fr\/"},{"@type":"ListItem","position":2,"name":"La temp\u00e9rature basale: qu\u2019est-ce que c\u2019est et comment la calculer?"}]},{"@type":"WebSite","@id":"https:\/\/www.ginefiv.com\/fr\/#website","url":"https:\/\/www.ginefiv.com\/fr\/","name":"Ginefiv Espa\u00f1a","description":"Ginefiv, tu cl\u00ednica de reproducci\u00f3n asistida. 35 a\u00f1os de experiencia en inseminaci\u00f3n artificial y fecundaci\u00f3n in vitro","publisher":{"@id":"https:\/\/www.ginefiv.com\/fr\/#organization"},"potentialAction":[{"@type":"SearchAction","target":{"@type":"EntryPoint","urlTemplate":"https:\/\/www.ginefiv.com\/fr\/?s={search_term_string}"},"query-input":{"@type":"PropertyValueSpecification","valueRequired":true,"valueName":"search_term_string"}}],"inLanguage":"fr-FR"},{"@type":"Organization","@id":"https:\/\/www.ginefiv.com\/fr\/#organization","name":"Ginefiv","url":"https:\/\/www.ginefiv.com\/fr\/","logo":{"@type":"ImageObject","inLanguage":"fr-FR","@id":"https:\/\/www.ginefiv.com\/fr\/#\/schema\/logo\/image\/","url":"https:\/\/www.ginefiv.com\/wp-content\/uploads\/2023\/12\/descarga.png","contentUrl":"https:\/\/www.ginefiv.com\/wp-content\/uploads\/2023\/12\/descarga.png","width":437,"height":115,"caption":"Ginefiv"},"image":{"@id":"https:\/\/www.ginefiv.com\/fr\/#\/schema\/logo\/image\/"}},{"@type":"Person","@id":"https:\/\/www.ginefiv.com\/fr\/#\/schema\/person\/3e3daf25e2225679db2ff7fb540cb53c","name":"Ginefiv","image":{"@type":"ImageObject","inLanguage":"fr-FR","@id":"https:\/\/www.ginefiv.com\/fr\/#\/schema\/person\/image\/","url":"https:\/\/secure.gravatar.com\/avatar\/?s=96&d=mm&r=g","contentUrl":"https:\/\/secure.gravatar.com\/avatar\/?s=96&d=mm&r=g","caption":"Ginefiv"},"url":"https:\/\/www.ginefiv.com\/fr\/especialistas\/ginefiv\/"}]}},"_links":{"self":[{"href":"https:\/\/www.ginefiv.com\/fr\/wp-json\/wp\/v2\/posts\/10675","targetHints":{"allow":["GET"]}}],"collection":[{"href":"https:\/\/www.ginefiv.com\/fr\/wp-json\/wp\/v2\/posts"}],"about":[{"href":"https:\/\/www.ginefiv.com\/fr\/wp-json\/wp\/v2\/types\/post"}],"author":[{"embeddable":true,"href":"https:\/\/www.ginefiv.com\/fr\/wp-json\/wp\/v2\/users\/11"}],"replies":[{"embeddable":true,"href":"https:\/\/www.ginefiv.com\/fr\/wp-json\/wp\/v2\/comments?post=10675"}],"version-history":[{"count":0,"href":"https:\/\/www.ginefiv.com\/fr\/wp-json\/wp\/v2\/posts\/10675\/revisions"}],"wp:featuredmedia":[{"embeddable":true,"href":"https:\/\/www.ginefiv.com\/fr\/wp-json\/wp\/v2\/media\/10676"}],"wp:attachment":[{"href":"https:\/\/www.ginefiv.com\/fr\/wp-json\/wp\/v2\/media?parent=10675"}],"wp:term":[{"taxonomy":"category","embeddable":true,"href":"https:\/\/www.ginefiv.com\/fr\/wp-json\/wp\/v2\/categories?post=10675"},{"taxonomy":"post_tag","embeddable":true,"href":"https:\/\/www.ginefiv.com\/fr\/wp-json\/wp\/v2\/tags?post=10675"}],"curies":[{"name":"wp","href":"https:\/\/api.w.org\/{rel}","templated":true}]}}